{"id":202821,"date":"2026-08-31T15:22:08","date_gmt":"2026-08-31T13:22:08","guid":{"rendered":"https:\/\/museeherge.be\/latrium-du-musee-fait-peau-neuve\/"},"modified":"2026-08-31T15:24:38","modified_gmt":"2026-08-31T13:24:38","slug":"latrium-du-musee-fait-peau-neuve","status":"publish","type":"post","link":"https:\/\/museeherge.be\/nl\/latrium-du-musee-fait-peau-neuve\/","title":{"rendered":"Het atrium van het museum krijgt een opknapbeurt"},"content":{"rendered":"<div class=\"fusion-fullwidth fullwidth-box fusion-builder-row-1 fusion-flex-container has-pattern-background has-mask-background nonhundred-percent-fullwidth non-hundred-percent-height-scrolling\" style=\"--awb-border-radius-top-left:0px;--awb-border-radius-top-right:0px;--awb-border-radius-bottom-right:0px;--awb-border-radius-bottom-left:0px;--awb-flex-wrap:wrap;\" ><div class=\"fusion-builder-row fusion-row fusion-flex-align-items-flex-start fusion-flex-content-wrap\" style=\"max-width:1341.6px;margin-left: calc(-4% \/ 2 );margin-right: calc(-4% \/ 2 );\"><div class=\"fusion-layout-column fusion_builder_column fusion-builder-column-0 fusion_builder_column_1_1 1_1 fusion-flex-column\" style=\"--awb-bg-size:cover;--awb-width-large:100%;--awb-margin-top-large:0px;--awb-spacing-right-large:1.92%;--awb-margin-bottom-large:20px;--awb-spacing-left-large:1.92%;--awb-width-medium:100%;--awb-order-medium:0;--awb-spacing-right-medium:1.92%;--awb-spacing-left-medium:1.92%;--awb-width-small:100%;--awb-order-small:0;--awb-spacing-right-small:1.92%;--awb-spacing-left-small:1.92%;\"><div class=\"fusion-column-wrapper fusion-column-has-shadow fusion-flex-justify-content-flex-start fusion-content-layout-column\"><nav class=\"fusion-breadcrumbs awb-yoast-breadcrumbs fusion-breadcrumbs-1\" style=\"--awb-breadcrumb-sep:&#039;\/&#039;;\" aria-label=\"Breadcrumb\"><span><span><a href=\"https:\/\/museeherge.be\/nl\/\">Onthaal<\/a><\/span><\/span><\/nav><div class=\"fusion-separator fusion-full-width-sep\" style=\"align-self: center;margin-left: auto;margin-right: auto;margin-top:20px;margin-bottom:20px;width:100%;\"><\/div><div class=\"fusion-text fusion-text-1\" style=\"--awb-content-alignment:left;\"><p>Om de bezoekersruimte weer in volle glans te laten schitteren, worden er momenteel werkzaamheden uitgevoerd in het atrium van het museum.<\/p>\n<p>Deze werkzaamheden, die tot 9 oktober duren, omvatten een volledige renovatie van het schilderwerk. Vanwege de bijzondere indeling van de ruimte, die met name wordt gekenmerkt door een hoge plafondhoogte en schuine muren, zijn er steigers geplaatst zodat de teams onder optimale omstandigheden kunnen werken.<\/p>\n<p>Om de visuele identiteit van de ruimte te behouden, zullen de teams ervoor zorgen dat de verschillende grafische motieven identiek worden gereproduceerd. Deze ingreep zal het atrium weer in volle glans herstellen, met behoud van zijn karakter en esthetiek.<\/p>\n<p>Gedurende deze periode blijft het museum aandacht besteden aan de ontvangst van zijn bezoekers en stelt het alles in het werk om de impact van de werkzaamheden op hun bezoekervaring tot een minimum te beperken.<\/p>\n<\/div><div class=\"fusion-image-carousel fusion-image-carousel-auto fusion-image-carousel-1\"><div class=\"awb-carousel awb-swiper awb-swiper-carousel awb-carousel--carousel awb-swiper-dots-position-bottom\" data-layout=\"carousel\" data-autoplay=\"no\" data-autoplayspeed=\"3500\" data-autoplaypause=\"no\" data-loop=\"yes\" data-columns=\"1.0\" data-columnsmedium=\"1\" data-columnssmall=\"1\" data-itemmargin=\"13\" data-itemwidth=\"180\" data-touchscroll=\"no\" data-freemode=\"no\" data-imagesize=\"auto\" data-scrollitems=\"0\" data-scrollitems-medium=\"0\" data-scrollitems-small=\"0\" data-centeredslides=\"no\" data-rotationangle=\"50\" data-depth=\"100\" data-speed=\"500\" data-shadow=\"no\" data-pagination=\"bullets\" style=\"--awb-columns:1.0;--awb-dots-align:center;\"><div class=\"swiper-wrapper awb-image-carousel-wrapper fusion-flex-align-items-center\"><div class=\"swiper-slide\"><div class=\"fusion-carousel-item-wrapper\"><div class=\"fusion-image-wrapper hover-type-none\"><img decoding=\"async\" width=\"1920\" height=\"2560\" src=\"https:\/\/museeherge.be\/wp-content\/uploads\/2026\/08\/PH1-scaled.jpg\" class=\"attachment-full size-full lazyload\" alt=\"\" srcset=\"data:image\/svg+xml,%3Csvg%20xmlns%3D%27http%3A%2F%2Fwww.w3.org%2F2000%2Fsvg%27%20width%3D%271920%27%20height%3D%272560%27%20viewBox%3D%270%200%201920%202560%27%3E%3Crect%20width%3D%271920%27%20height%3D%272560%27%20fill-opacity%3D%220%22%2F%3E%3C%2Fsvg%3E\" data-orig-src=\"https:\/\/museeherge.be\/wp-content\/uploads\/2026\/08\/PH1-scaled.jpg\" data-srcset=\"https:\/\/museeherge.be\/wp-content\/uploads\/2026\/08\/PH1-200x267.jpg 200w, https:\/\/museeherge.be\/wp-content\/uploads\/2026\/08\/PH1-225x300.jpg 225w, https:\/\/museeherge.be\/wp-content\/uploads\/2026\/08\/PH1-400x533.jpg 400w, https:\/\/museeherge.be\/wp-content\/uploads\/2026\/08\/PH1-600x800.jpg 600w, https:\/\/museeherge.be\/wp-content\/uploads\/2026\/08\/PH1-768x1024.jpg 768w, https:\/\/museeherge.be\/wp-content\/uploads\/2026\/08\/PH1-800x1067.jpg 800w, https:\/\/museeherge.be\/wp-content\/uploads\/2026\/08\/PH1-1152x1536.jpg 1152w, https:\/\/museeherge.be\/wp-content\/uploads\/2026\/08\/PH1-1200x1600.jpg 1200w, https:\/\/museeherge.be\/wp-content\/uploads\/2026\/08\/PH1-1536x2048.jpg 1536w, https:\/\/museeherge.be\/wp-content\/uploads\/2026\/08\/PH1-scaled.jpg 1920w\" data-sizes=\"auto\" \/><\/div><\/div><\/div><div class=\"swiper-slide\"><div class=\"fusion-carousel-item-wrapper\"><div class=\"fusion-image-wrapper hover-type-none\"><img decoding=\"async\" width=\"1920\" height=\"2560\" src=\"https:\/\/museeherge.be\/wp-content\/uploads\/2026\/08\/PH2-scaled.jpg\" class=\"attachment-full size-full lazyload\" alt=\"\" srcset=\"data:image\/svg+xml,%3Csvg%20xmlns%3D%27http%3A%2F%2Fwww.w3.org%2F2000%2Fsvg%27%20width%3D%271920%27%20height%3D%272560%27%20viewBox%3D%270%200%201920%202560%27%3E%3Crect%20width%3D%271920%27%20height%3D%272560%27%20fill-opacity%3D%220%22%2F%3E%3C%2Fsvg%3E\" data-orig-src=\"https:\/\/museeherge.be\/wp-content\/uploads\/2026\/08\/PH2-scaled.jpg\" data-srcset=\"https:\/\/museeherge.be\/wp-content\/uploads\/2026\/08\/PH2-200x267.jpg 200w, https:\/\/museeherge.be\/wp-content\/uploads\/2026\/08\/PH2-225x300.jpg 225w, https:\/\/museeherge.be\/wp-content\/uploads\/2026\/08\/PH2-400x533.jpg 400w, https:\/\/museeherge.be\/wp-content\/uploads\/2026\/08\/PH2-600x800.jpg 600w, https:\/\/museeherge.be\/wp-content\/uploads\/2026\/08\/PH2-768x1024.jpg 768w, https:\/\/museeherge.be\/wp-content\/uploads\/2026\/08\/PH2-800x1067.jpg 800w, https:\/\/museeherge.be\/wp-content\/uploads\/2026\/08\/PH2-1152x1536.jpg 1152w, https:\/\/museeherge.be\/wp-content\/uploads\/2026\/08\/PH2-1200x1600.jpg 1200w, https:\/\/museeherge.be\/wp-content\/uploads\/2026\/08\/PH2-1536x2048.jpg 1536w, https:\/\/museeherge.be\/wp-content\/uploads\/2026\/08\/PH2-scaled.jpg 1920w\" data-sizes=\"auto\" \/><\/div><\/div><\/div><div class=\"swiper-slide\"><div class=\"fusion-carousel-item-wrapper\"><div class=\"fusion-image-wrapper hover-type-none\"><img decoding=\"async\" width=\"2142\" height=\"2494\" src=\"https:\/\/museeherge.be\/wp-content\/uploads\/2026\/08\/PH3.jpg\" class=\"attachment-full size-full lazyload\" alt=\"\" srcset=\"data:image\/svg+xml,%3Csvg%20xmlns%3D%27http%3A%2F%2Fwww.w3.org%2F2000%2Fsvg%27%20width%3D%272142%27%20height%3D%272494%27%20viewBox%3D%270%200%202142%202494%27%3E%3Crect%20width%3D%272142%27%20height%3D%272494%27%20fill-opacity%3D%220%22%2F%3E%3C%2Fsvg%3E\" data-orig-src=\"https:\/\/museeherge.be\/wp-content\/uploads\/2026\/08\/PH3.jpg\" data-srcset=\"https:\/\/museeherge.be\/wp-content\/uploads\/2026\/08\/PH3-200x233.jpg 200w, https:\/\/museeherge.be\/wp-content\/uploads\/2026\/08\/PH3-258x300.jpg 258w, https:\/\/museeherge.be\/wp-content\/uploads\/2026\/08\/PH3-400x466.jpg 400w, https:\/\/museeherge.be\/wp-content\/uploads\/2026\/08\/PH3-600x699.jpg 600w, https:\/\/museeherge.be\/wp-content\/uploads\/2026\/08\/PH3-768x894.jpg 768w, https:\/\/museeherge.be\/wp-content\/uploads\/2026\/08\/PH3-800x931.jpg 800w, https:\/\/museeherge.be\/wp-content\/uploads\/2026\/08\/PH3-879x1024.jpg 879w, https:\/\/museeherge.be\/wp-content\/uploads\/2026\/08\/PH3-1200x1397.jpg 1200w, https:\/\/museeherge.be\/wp-content\/uploads\/2026\/08\/PH3-1319x1536.jpg 1319w, https:\/\/museeherge.be\/wp-content\/uploads\/2026\/08\/PH3-1759x2048.jpg 1759w, https:\/\/museeherge.be\/wp-content\/uploads\/2026\/08\/PH3.jpg 2142w\" data-sizes=\"auto\" \/><\/div><\/div><\/div><\/div><div class=\"awb-swiper-button awb-swiper-button-prev\"><i class=\"awb-icon-angle-left\" aria-hidden=\"true\"><\/i><\/div><div class=\"awb-swiper-button awb-swiper-button-next\"><i class=\"awb-icon-angle-right\" aria-hidden=\"true\"><\/i><\/div><\/div><\/div><\/div><\/div><\/div><\/div>\n","protected":false},"excerpt":{"rendered":"","protected":false},"author":8,"featured_media":202819,"comment_status":"closed","ping_status":"closed","sticky":false,"template":"","format":"standard","meta":{"footnotes":""},"categories":[55],"tags":[],"class_list":["post-202821","post","type-post","status-publish","format-standard","has-post-thumbnail","hentry","category-nieuws"],"yoast_head":"<!-- This site is optimized with the Yoast SEO plugin v28.3 - https:\/\/yoast.com\/product\/yoast-seo-wordpress\/ -->\n<title>Het atrium van het museum krijgt een opknapbeurt - Mus\u00e9e Herg\u00e9<\/title>\n<meta name=\"robots\" content=\"index, follow, max-snippet:-1, max-image-preview:large, max-video-preview:-1\" \/>\n<link rel=\"canonical\" href=\"https:\/\/museeherge.be\/nl\/latrium-du-musee-fait-peau-neuve\/\" \/>\n<meta property=\"og:locale\" content=\"nl_NL\" \/>\n<meta property=\"og:type\" content=\"article\" \/>\n<meta property=\"og:title\" content=\"Het atrium van het museum krijgt een opknapbeurt - Mus\u00e9e Herg\u00e9\" \/>\n<meta property=\"og:url\" content=\"https:\/\/museeherge.be\/nl\/latrium-du-musee-fait-peau-neuve\/\" \/>\n<meta property=\"og:site_name\" content=\"Mus\u00e9e Herg\u00e9\" \/>\n<meta property=\"article:published_time\" content=\"2026-08-31T13:22:08+00:00\" \/>\n<meta property=\"article:modified_time\" content=\"2026-08-31T13:24:38+00:00\" \/>\n<meta property=\"og:image\" content=\"https:\/\/museeherge.be\/wp-content\/uploads\/2026\/08\/PH2-scaled.jpg\" \/>\n\t<meta property=\"og:image:width\" content=\"1920\" \/>\n\t<meta property=\"og:image:height\" content=\"2560\" \/>\n\t<meta property=\"og:image:type\" content=\"image\/jpeg\" \/>\n<meta name=\"author\" content=\"Cyril Fassiau\" \/>\n<meta name=\"twitter:card\" content=\"summary_large_image\" \/>\n<meta name=\"twitter:label1\" content=\"Geschreven door\" \/>\n\t<meta name=\"twitter:data1\" content=\"Cyril Fassiau\" \/>\n\t<meta name=\"twitter:label2\" content=\"Geschatte leestijd\" \/>\n\t<meta name=\"twitter:data2\" content=\"2 minuten\" \/>\n<script type=\"application\/ld+json\" class=\"yoast-schema-graph\">{\"@context\":\"https:\\\/\\\/schema.org\",\"@graph\":[{\"@type\":\"Article\",\"@id\":\"https:\\\/\\\/museeherge.be\\\/nl\\\/latrium-du-musee-fait-peau-neuve\\\/#article\",\"isPartOf\":{\"@id\":\"https:\\\/\\\/museeherge.be\\\/nl\\\/latrium-du-musee-fait-peau-neuve\\\/\"},\"author\":{\"name\":\"Cyril Fassiau\",\"@id\":\"https:\\\/\\\/museeherge.be\\\/nl\\\/#\\\/schema\\\/person\\\/165ab121fa8ec5ce68eb1e8e71e56657\"},\"headline\":\"Het atrium van het museum krijgt een opknapbeurt\",\"datePublished\":\"2026-08-31T13:22:08+00:00\",\"dateModified\":\"2026-08-31T13:24:38+00:00\",\"mainEntityOfPage\":{\"@id\":\"https:\\\/\\\/museeherge.be\\\/nl\\\/latrium-du-musee-fait-peau-neuve\\\/\"},\"wordCount\":1176,\"publisher\":{\"@id\":\"https:\\\/\\\/museeherge.be\\\/nl\\\/#organization\"},\"image\":{\"@id\":\"https:\\\/\\\/museeherge.be\\\/nl\\\/latrium-du-musee-fait-peau-neuve\\\/#primaryimage\"},\"thumbnailUrl\":\"https:\\\/\\\/museeherge.be\\\/wp-content\\\/uploads\\\/2026\\\/08\\\/PH2-scaled.jpg\",\"articleSection\":[\"Nieuws\"],\"inLanguage\":\"nl-NL\"},{\"@type\":\"WebPage\",\"@id\":\"https:\\\/\\\/museeherge.be\\\/nl\\\/latrium-du-musee-fait-peau-neuve\\\/\",\"url\":\"https:\\\/\\\/museeherge.be\\\/nl\\\/latrium-du-musee-fait-peau-neuve\\\/\",\"name\":\"Het atrium van het museum krijgt een opknapbeurt - Mus\u00e9e Herg\u00e9\",\"isPartOf\":{\"@id\":\"https:\\\/\\\/museeherge.be\\\/nl\\\/#website\"},\"primaryImageOfPage\":{\"@id\":\"https:\\\/\\\/museeherge.be\\\/nl\\\/latrium-du-musee-fait-peau-neuve\\\/#primaryimage\"},\"image\":{\"@id\":\"https:\\\/\\\/museeherge.be\\\/nl\\\/latrium-du-musee-fait-peau-neuve\\\/#primaryimage\"},\"thumbnailUrl\":\"https:\\\/\\\/museeherge.be\\\/wp-content\\\/uploads\\\/2026\\\/08\\\/PH2-scaled.jpg\",\"datePublished\":\"2026-08-31T13:22:08+00:00\",\"dateModified\":\"2026-08-31T13:24:38+00:00\",\"breadcrumb\":{\"@id\":\"https:\\\/\\\/museeherge.be\\\/nl\\\/latrium-du-musee-fait-peau-neuve\\\/#breadcrumb\"},\"inLanguage\":\"nl-NL\",\"potentialAction\":[{\"@type\":\"ReadAction\",\"target\":[\"https:\\\/\\\/museeherge.be\\\/nl\\\/latrium-du-musee-fait-peau-neuve\\\/\"]}]},{\"@type\":\"ImageObject\",\"inLanguage\":\"nl-NL\",\"@id\":\"https:\\\/\\\/museeherge.be\\\/nl\\\/latrium-du-musee-fait-peau-neuve\\\/#primaryimage\",\"url\":\"https:\\\/\\\/museeherge.be\\\/wp-content\\\/uploads\\\/2026\\\/08\\\/PH2-scaled.jpg\",\"contentUrl\":\"https:\\\/\\\/museeherge.be\\\/wp-content\\\/uploads\\\/2026\\\/08\\\/PH2-scaled.jpg\",\"width\":1920,\"height\":2560},{\"@type\":\"BreadcrumbList\",\"@id\":\"https:\\\/\\\/museeherge.be\\\/nl\\\/latrium-du-musee-fait-peau-neuve\\\/#breadcrumb\",\"itemListElement\":[{\"@type\":\"ListItem\",\"position\":1,\"name\":\"Onthaal\",\"item\":\"https:\\\/\\\/museeherge.be\\\/nl\\\/\"},{\"@type\":\"ListItem\",\"position\":2,\"name\":\"Het atrium van het museum krijgt een opknapbeurt\"}]},{\"@type\":\"WebSite\",\"@id\":\"https:\\\/\\\/museeherge.be\\\/nl\\\/#website\",\"url\":\"https:\\\/\\\/museeherge.be\\\/nl\\\/\",\"name\":\"Mus\u00e9e Herg\u00e9\",\"description\":\"Le Mus\u00e9e Herg\u00e9, pr\u00e8s de Bruxelles, pr\u00e9sente le fabuleux parcours du cr\u00e9ateur des Aventures de Tintin.\",\"publisher\":{\"@id\":\"https:\\\/\\\/museeherge.be\\\/nl\\\/#organization\"},\"potentialAction\":[{\"@type\":\"SearchAction\",\"target\":{\"@type\":\"EntryPoint\",\"urlTemplate\":\"https:\\\/\\\/museeherge.be\\\/nl\\\/?s={search_term_string}\"},\"query-input\":{\"@type\":\"PropertyValueSpecification\",\"valueRequired\":true,\"valueName\":\"search_term_string\"}}],\"inLanguage\":\"nl-NL\"},{\"@type\":\"Organization\",\"@id\":\"https:\\\/\\\/museeherge.be\\\/nl\\\/#organization\",\"name\":\"La Croix de l'Aigle SA\",\"alternateName\":\"La Croix de l'Aigle\",\"url\":\"https:\\\/\\\/museeherge.be\\\/nl\\\/\",\"logo\":{\"@type\":\"ImageObject\",\"inLanguage\":\"nl-NL\",\"@id\":\"https:\\\/\\\/museeherge.be\\\/nl\\\/#\\\/schema\\\/logo\\\/image\\\/\",\"url\":\"https:\\\/\\\/museeherge.be\\\/wp-content\\\/uploads\\\/2026\\\/04\\\/logoo.jpg\",\"contentUrl\":\"https:\\\/\\\/museeherge.be\\\/wp-content\\\/uploads\\\/2026\\\/04\\\/logoo.jpg\",\"width\":696,\"height\":696,\"caption\":\"La Croix de l'Aigle SA\"},\"image\":{\"@id\":\"https:\\\/\\\/museeherge.be\\\/nl\\\/#\\\/schema\\\/logo\\\/image\\\/\"}},{\"@type\":\"Person\",\"@id\":\"https:\\\/\\\/museeherge.be\\\/nl\\\/#\\\/schema\\\/person\\\/165ab121fa8ec5ce68eb1e8e71e56657\",\"name\":\"Cyril Fassiau\",\"image\":{\"@type\":\"ImageObject\",\"inLanguage\":\"nl-NL\",\"@id\":\"https:\\\/\\\/museeherge.be\\\/wp-content\\\/wphb-cache\\\/gravatar\\\/02f\\\/02f4aa1908eff6f440be978351e74f86x96.jpg\",\"url\":\"https:\\\/\\\/museeherge.be\\\/wp-content\\\/wphb-cache\\\/gravatar\\\/02f\\\/02f4aa1908eff6f440be978351e74f86x96.jpg\",\"contentUrl\":\"https:\\\/\\\/museeherge.be\\\/wp-content\\\/wphb-cache\\\/gravatar\\\/02f\\\/02f4aa1908eff6f440be978351e74f86x96.jpg\",\"caption\":\"Cyril Fassiau\"},\"url\":\"https:\\\/\\\/museeherge.be\\\/nl\\\/author\\\/cyril-fassiautintin-be\\\/\"}]}<\/script>\n<!-- \/ Yoast SEO plugin. -->","yoast_head_json":{"title":"Het atrium van het museum krijgt een opknapbeurt - Mus\u00e9e Herg\u00e9","robots":{"index":"index","follow":"follow","max-snippet":"max-snippet:-1","max-image-preview":"max-image-preview:large","max-video-preview":"max-video-preview:-1"},"canonical":"https:\/\/museeherge.be\/nl\/latrium-du-musee-fait-peau-neuve\/","og_locale":"nl_NL","og_type":"article","og_title":"Het atrium van het museum krijgt een opknapbeurt - Mus\u00e9e Herg\u00e9","og_url":"https:\/\/museeherge.be\/nl\/latrium-du-musee-fait-peau-neuve\/","og_site_name":"Mus\u00e9e Herg\u00e9","article_published_time":"2026-08-31T13:22:08+00:00","article_modified_time":"2026-08-31T13:24:38+00:00","og_image":[{"width":1920,"height":2560,"url":"https:\/\/museeherge.be\/wp-content\/uploads\/2026\/08\/PH2-scaled.jpg","type":"image\/jpeg"}],"author":"Cyril Fassiau","twitter_card":"summary_large_image","twitter_misc":{"Geschreven door":"Cyril Fassiau","Geschatte leestijd":"2 minuten"},"schema":{"@context":"https:\/\/schema.org","@graph":[{"@type":"Article","@id":"https:\/\/museeherge.be\/nl\/latrium-du-musee-fait-peau-neuve\/#article","isPartOf":{"@id":"https:\/\/museeherge.be\/nl\/latrium-du-musee-fait-peau-neuve\/"},"author":{"name":"Cyril Fassiau","@id":"https:\/\/museeherge.be\/nl\/#\/schema\/person\/165ab121fa8ec5ce68eb1e8e71e56657"},"headline":"Het atrium van het museum krijgt een opknapbeurt","datePublished":"2026-08-31T13:22:08+00:00","dateModified":"2026-08-31T13:24:38+00:00","mainEntityOfPage":{"@id":"https:\/\/museeherge.be\/nl\/latrium-du-musee-fait-peau-neuve\/"},"wordCount":1176,"publisher":{"@id":"https:\/\/museeherge.be\/nl\/#organization"},"image":{"@id":"https:\/\/museeherge.be\/nl\/latrium-du-musee-fait-peau-neuve\/#primaryimage"},"thumbnailUrl":"https:\/\/museeherge.be\/wp-content\/uploads\/2026\/08\/PH2-scaled.jpg","articleSection":["Nieuws"],"inLanguage":"nl-NL"},{"@type":"WebPage","@id":"https:\/\/museeherge.be\/nl\/latrium-du-musee-fait-peau-neuve\/","url":"https:\/\/museeherge.be\/nl\/latrium-du-musee-fait-peau-neuve\/","name":"Het atrium van het museum krijgt een opknapbeurt - Mus\u00e9e Herg\u00e9","isPartOf":{"@id":"https:\/\/museeherge.be\/nl\/#website"},"primaryImageOfPage":{"@id":"https:\/\/museeherge.be\/nl\/latrium-du-musee-fait-peau-neuve\/#primaryimage"},"image":{"@id":"https:\/\/museeherge.be\/nl\/latrium-du-musee-fait-peau-neuve\/#primaryimage"},"thumbnailUrl":"https:\/\/museeherge.be\/wp-content\/uploads\/2026\/08\/PH2-scaled.jpg","datePublished":"2026-08-31T13:22:08+00:00","dateModified":"2026-08-31T13:24:38+00:00","breadcrumb":{"@id":"https:\/\/museeherge.be\/nl\/latrium-du-musee-fait-peau-neuve\/#breadcrumb"},"inLanguage":"nl-NL","potentialAction":[{"@type":"ReadAction","target":["https:\/\/museeherge.be\/nl\/latrium-du-musee-fait-peau-neuve\/"]}]},{"@type":"ImageObject","inLanguage":"nl-NL","@id":"https:\/\/museeherge.be\/nl\/latrium-du-musee-fait-peau-neuve\/#primaryimage","url":"https:\/\/museeherge.be\/wp-content\/uploads\/2026\/08\/PH2-scaled.jpg","contentUrl":"https:\/\/museeherge.be\/wp-content\/uploads\/2026\/08\/PH2-scaled.jpg","width":1920,"height":2560},{"@type":"BreadcrumbList","@id":"https:\/\/museeherge.be\/nl\/latrium-du-musee-fait-peau-neuve\/#breadcrumb","itemListElement":[{"@type":"ListItem","position":1,"name":"Onthaal","item":"https:\/\/museeherge.be\/nl\/"},{"@type":"ListItem","position":2,"name":"Het atrium van het museum krijgt een opknapbeurt"}]},{"@type":"WebSite","@id":"https:\/\/museeherge.be\/nl\/#website","url":"https:\/\/museeherge.be\/nl\/","name":"Mus\u00e9e Herg\u00e9","description":"Le Mus\u00e9e Herg\u00e9, pr\u00e8s de Bruxelles, pr\u00e9sente le fabuleux parcours du cr\u00e9ateur des Aventures de Tintin.","publisher":{"@id":"https:\/\/museeherge.be\/nl\/#organization"},"potentialAction":[{"@type":"SearchAction","target":{"@type":"EntryPoint","urlTemplate":"https:\/\/museeherge.be\/nl\/?s={search_term_string}"},"query-input":{"@type":"PropertyValueSpecification","valueRequired":true,"valueName":"search_term_string"}}],"inLanguage":"nl-NL"},{"@type":"Organization","@id":"https:\/\/museeherge.be\/nl\/#organization","name":"La Croix de l'Aigle SA","alternateName":"La Croix de l'Aigle","url":"https:\/\/museeherge.be\/nl\/","logo":{"@type":"ImageObject","inLanguage":"nl-NL","@id":"https:\/\/museeherge.be\/nl\/#\/schema\/logo\/image\/","url":"https:\/\/museeherge.be\/wp-content\/uploads\/2026\/04\/logoo.jpg","contentUrl":"https:\/\/museeherge.be\/wp-content\/uploads\/2026\/04\/logoo.jpg","width":696,"height":696,"caption":"La Croix de l'Aigle SA"},"image":{"@id":"https:\/\/museeherge.be\/nl\/#\/schema\/logo\/image\/"}},{"@type":"Person","@id":"https:\/\/museeherge.be\/nl\/#\/schema\/person\/165ab121fa8ec5ce68eb1e8e71e56657","name":"Cyril Fassiau","image":{"@type":"ImageObject","inLanguage":"nl-NL","@id":"https:\/\/museeherge.be\/wp-content\/wphb-cache\/gravatar\/02f\/02f4aa1908eff6f440be978351e74f86x96.jpg","url":"https:\/\/museeherge.be\/wp-content\/wphb-cache\/gravatar\/02f\/02f4aa1908eff6f440be978351e74f86x96.jpg","contentUrl":"https:\/\/museeherge.be\/wp-content\/wphb-cache\/gravatar\/02f\/02f4aa1908eff6f440be978351e74f86x96.jpg","caption":"Cyril Fassiau"},"url":"https:\/\/museeherge.be\/nl\/author\/cyril-fassiautintin-be\/"}]}},"_links":{"self":[{"href":"https:\/\/museeherge.be\/nl\/wp-json\/wp\/v2\/posts\/202821","targetHints":{"allow":["GET"]}}],"collection":[{"href":"https:\/\/museeherge.be\/nl\/wp-json\/wp\/v2\/posts"}],"about":[{"href":"https:\/\/museeherge.be\/nl\/wp-json\/wp\/v2\/types\/post"}],"author":[{"embeddable":true,"href":"https:\/\/museeherge.be\/nl\/wp-json\/wp\/v2\/users\/8"}],"replies":[{"embeddable":true,"href":"https:\/\/museeherge.be\/nl\/wp-json\/wp\/v2\/comments?post=202821"}],"version-history":[{"count":0,"href":"https:\/\/museeherge.be\/nl\/wp-json\/wp\/v2\/posts\/202821\/revisions"}],"wp:featuredmedia":[{"embeddable":true,"href":"https:\/\/museeherge.be\/nl\/wp-json\/wp\/v2\/media\/202819"}],"wp:attachment":[{"href":"https:\/\/museeherge.be\/nl\/wp-json\/wp\/v2\/media?parent=202821"}],"wp:term":[{"taxonomy":"category","embeddable":true,"href":"https:\/\/museeherge.be\/nl\/wp-json\/wp\/v2\/categories?post=202821"},{"taxonomy":"post_tag","embeddable":true,"href":"https:\/\/museeherge.be\/nl\/wp-json\/wp\/v2\/tags?post=202821"}],"curies":[{"name":"wp","href":"https:\/\/api.w.org\/{rel}","templated":true}]}}