{"id":48500,"date":"2025-06-21T10:30:38","date_gmt":"2025-06-21T08:30:38","guid":{"rendered":"https:\/\/museeherge.be\/kinderparcours-6-9-jaar-quiz\/"},"modified":"2024-12-05T13:57:10","modified_gmt":"2024-12-05T12:57:10","slug":"kinderparcours-6-9-jaar-quiz","status":"publish","type":"post","link":"https:\/\/museeherge.be\/nl\/kinderparcours-6-9-jaar-quiz\/","title":{"rendered":"Kinderparcours 6-9 jaar quiz"},"content":{"rendered":"<div class=\"fusion-fullwidth fullwidth-box fusion-builder-row-1 fusion-flex-container has-pattern-background has-mask-background nonhundred-percent-fullwidth non-hundred-percent-height-scrolling\" style=\"--awb-border-radius-top-left:0px;--awb-border-radius-top-right:0px;--awb-border-radius-bottom-right:0px;--awb-border-radius-bottom-left:0px;--awb-flex-wrap:wrap;\" ><div class=\"fusion-builder-row fusion-row fusion-flex-align-items-flex-start fusion-flex-content-wrap\" style=\"max-width:1341.6px;margin-left: calc(-4% \/ 2 );margin-right: calc(-4% \/ 2 );\"><div class=\"fusion-layout-column fusion_builder_column fusion-builder-column-0 fusion_builder_column_1_1 1_1 fusion-flex-column\" style=\"--awb-bg-size:cover;--awb-width-large:100%;--awb-margin-top-large:0px;--awb-spacing-right-large:1.92%;--awb-margin-bottom-large:20px;--awb-spacing-left-large:1.92%;--awb-width-medium:100%;--awb-order-medium:0;--awb-spacing-right-medium:1.92%;--awb-spacing-left-medium:1.92%;--awb-width-small:100%;--awb-order-small:0;--awb-spacing-right-small:1.92%;--awb-spacing-left-small:1.92%;\"><div class=\"fusion-column-wrapper fusion-column-has-shadow fusion-flex-justify-content-flex-start fusion-content-layout-column\"><nav class=\"fusion-breadcrumbs awb-yoast-breadcrumbs fusion-breadcrumbs-1\" style=\"--awb-breadcrumb-sep:&#039;\/&#039;;\" aria-label=\"Breadcrumb\"><span><span><a href=\"https:\/\/museeherge.be\/nl\/\">Onthaal<\/a><\/span><\/span><\/nav><div class=\"fusion-separator fusion-full-width-sep\" style=\"align-self: center;margin-left: auto;margin-right: auto;margin-top:20px;margin-bottom:20px;width:100%;\"><\/div><div class=\"fusion-text fusion-text-1\" style=\"--awb-content-alignment:left;\"><p><span style=\"font-weight: 400;\">Jonge onderzoekers, houd je potloden gereed! <\/span><\/p>\n<p><span style=\"font-weight: 400;\">Vanaf nu biedt het Mus\u00e9e Herg\u00e9 bezoekers van 6 tot 9 jaar een permanente quiz aan, die ze tijdens de hele tentoonstelling moeten invullen. <\/span><\/p>\n<p><span style=\"font-weight: 400;\">Het is het hele jaar door verkrijgbaar bij de receptie van het museum. <\/span><\/p>\n<p><span style=\"font-weight: 400;\">Het is een leuke manier om het grafische universum van Herg\u00e9 te ontdekken en zijn uitgebreide papieren familie te leren kennen. <\/span><\/p>\n<p><span style=\"font-weight: 400;\">En als je een vraag hebt gemist, geen paniek: de antwoorden staan aan het einde van de vragenlijst. <\/span><\/p>\n<\/div><div class=\"fusion-image-element awb-imageframe-style awb-imageframe-style-below awb-imageframe-style-1\" style=\"text-align:center;--awb-caption-title-color:var(--awb-color6);--awb-caption-text-color:var(--awb-color6);--awb-caption-text-size:14px;--awb-caption-title-font-family:&quot;myriad-pro&quot;;--awb-caption-title-font-weight:400;--awb-caption-title-font-style:normal;--awb-caption-title-size:14px;--awb-caption-title-transform:var(--h6_typography-text-transform);--awb-caption-title-line-height:var(--h6_typography-line-height);--awb-caption-title-letter-spacing:var(--h6_typography-letter-spacing);--awb-caption-text-font-family:&quot;myriad-pro&quot;;--awb-caption-text-font-style:normal;--awb-caption-text-font-weight:400;\"><span class=\" fusion-imageframe imageframe-none imageframe-1 hover-type-none\"><img decoding=\"async\" width=\"1174\" height=\"1736\" title=\"LICORNE P11 D1\" src=\"https:\/\/museeherge.be\/wp-content\/uploads\/2024\/11\/LICORNE-P11-D1.png\" data-orig-src=\"https:\/\/museeherge.be\/wp-content\/uploads\/2024\/11\/LICORNE-P11-D1.png\" alt class=\"lazyload img-responsive wp-image-48497\" srcset=\"data:image\/svg+xml,%3Csvg%20xmlns%3D%27http%3A%2F%2Fwww.w3.org%2F2000%2Fsvg%27%20width%3D%271174%27%20height%3D%271736%27%20viewBox%3D%270%200%201174%201736%27%3E%3Crect%20width%3D%271174%27%20height%3D%271736%27%20fill-opacity%3D%220%22%2F%3E%3C%2Fsvg%3E\" data-srcset=\"https:\/\/museeherge.be\/wp-content\/uploads\/2024\/11\/LICORNE-P11-D1-200x296.png 200w, https:\/\/museeherge.be\/wp-content\/uploads\/2024\/11\/LICORNE-P11-D1-400x591.png 400w, https:\/\/museeherge.be\/wp-content\/uploads\/2024\/11\/LICORNE-P11-D1-600x887.png 600w, https:\/\/museeherge.be\/wp-content\/uploads\/2024\/11\/LICORNE-P11-D1-800x1183.png 800w, https:\/\/museeherge.be\/wp-content\/uploads\/2024\/11\/LICORNE-P11-D1.png 1174w\" data-sizes=\"auto\" data-orig-sizes=\"(max-width: 640px) 100vw, 1174px\" \/><\/span><div class=\"awb-imageframe-caption-container\" style=\"text-align:center;\"><div class=\"awb-imageframe-caption\"><h6 class=\"awb-imageframe-caption-title\">Herg\u00e9 \/ Kuifje 2024<\/h6><\/div><\/div><\/div><\/div><\/div><\/div><\/div>\n","protected":false},"excerpt":{"rendered":"<p>De natuur ontwaakt en het mooie weer keert terug. Er is geen twijfel mogelijk, het is lente.<\/p>\n<p>Om zijn terugkeer te vieren, biedt het Mus\u00e9e Herg\u00e9 alle jonge bezoekers een leuke quiz over dit thema aan, die ze tijdens hun bezoek kunnen invullen.<\/p>\n","protected":false},"author":4,"featured_media":48558,"comment_status":"closed","ping_status":"closed","sticky":false,"template":"","format":"standard","meta":{"wds_primary_category":0,"footnotes":""},"categories":[55],"tags":[],"class_list":["post-48500","post","type-post","status-publish","format-standard","has-post-thumbnail","hentry","category-nieuws"],"yoast_head":"<!-- This site is optimized with the Yoast SEO plugin v27.3 - https:\/\/yoast.com\/product\/yoast-seo-wordpress\/ -->\n<title>Kinderparcours 6-9 jaar quiz - Mus\u00e9e Herg\u00e9<\/title>\n<meta name=\"robots\" content=\"index, follow, max-snippet:-1, max-image-preview:large, max-video-preview:-1\" \/>\n<link rel=\"canonical\" href=\"https:\/\/museeherge.be\/nl\/kinderparcours-6-9-jaar-quiz\/\" \/>\n<meta property=\"og:locale\" content=\"nl_NL\" \/>\n<meta property=\"og:type\" content=\"article\" \/>\n<meta property=\"og:title\" content=\"Kinderparcours 6-9 jaar quiz - Mus\u00e9e Herg\u00e9\" \/>\n<meta property=\"og:description\" content=\"De natuur ontwaakt en het mooie weer keert terug. Er is geen twijfel mogelijk, het is lente.  Om zijn terugkeer te vieren, biedt het Mus\u00e9e Herg\u00e9 alle jonge bezoekers een leuke quiz over dit thema aan, die ze tijdens hun bezoek kunnen invullen.\" \/>\n<meta property=\"og:url\" content=\"https:\/\/museeherge.be\/nl\/kinderparcours-6-9-jaar-quiz\/\" \/>\n<meta property=\"og:site_name\" content=\"Mus\u00e9e Herg\u00e9\" \/>\n<meta property=\"article:published_time\" content=\"2025-06-21T08:30:38+00:00\" \/>\n<meta property=\"og:image\" content=\"https:\/\/museeherge.be\/wp-content\/uploads\/2024\/11\/QUIZ.jpg\" \/>\n\t<meta property=\"og:image:width\" content=\"1093\" \/>\n\t<meta property=\"og:image:height\" content=\"1642\" \/>\n\t<meta property=\"og:image:type\" content=\"image\/jpeg\" \/>\n<meta name=\"author\" content=\"April Salvador\" \/>\n<meta name=\"twitter:card\" content=\"summary_large_image\" \/>\n<meta name=\"twitter:label1\" content=\"Geschreven door\" \/>\n\t<meta name=\"twitter:data1\" content=\"April Salvador\" \/>\n\t<meta name=\"twitter:label2\" content=\"Geschatte leestijd\" \/>\n\t<meta name=\"twitter:data2\" content=\"1 minuut\" \/>\n<script type=\"application\/ld+json\" class=\"yoast-schema-graph\">{\"@context\":\"https:\\\/\\\/schema.org\",\"@graph\":[{\"@type\":\"Article\",\"@id\":\"https:\\\/\\\/museeherge.be\\\/nl\\\/kinderparcours-6-9-jaar-quiz\\\/#article\",\"isPartOf\":{\"@id\":\"https:\\\/\\\/museeherge.be\\\/nl\\\/kinderparcours-6-9-jaar-quiz\\\/\"},\"author\":{\"name\":\"April Salvador\",\"@id\":\"https:\\\/\\\/museeherge.be\\\/nl\\\/#\\\/schema\\\/person\\\/9d1c1abda1a0d43cdec3bed80e8315cb\"},\"headline\":\"Kinderparcours 6-9 jaar quiz\",\"datePublished\":\"2025-06-21T08:30:38+00:00\",\"mainEntityOfPage\":{\"@id\":\"https:\\\/\\\/museeherge.be\\\/nl\\\/kinderparcours-6-9-jaar-quiz\\\/\"},\"wordCount\":959,\"publisher\":{\"@id\":\"https:\\\/\\\/museeherge.be\\\/nl\\\/#organization\"},\"image\":{\"@id\":\"https:\\\/\\\/museeherge.be\\\/nl\\\/kinderparcours-6-9-jaar-quiz\\\/#primaryimage\"},\"thumbnailUrl\":\"https:\\\/\\\/museeherge.be\\\/wp-content\\\/uploads\\\/2024\\\/11\\\/QUIZ.jpg\",\"articleSection\":[\"Nieuws\"],\"inLanguage\":\"nl-NL\"},{\"@type\":\"WebPage\",\"@id\":\"https:\\\/\\\/museeherge.be\\\/nl\\\/kinderparcours-6-9-jaar-quiz\\\/\",\"url\":\"https:\\\/\\\/museeherge.be\\\/nl\\\/kinderparcours-6-9-jaar-quiz\\\/\",\"name\":\"Kinderparcours 6-9 jaar quiz - Mus\u00e9e Herg\u00e9\",\"isPartOf\":{\"@id\":\"https:\\\/\\\/museeherge.be\\\/nl\\\/#website\"},\"primaryImageOfPage\":{\"@id\":\"https:\\\/\\\/museeherge.be\\\/nl\\\/kinderparcours-6-9-jaar-quiz\\\/#primaryimage\"},\"image\":{\"@id\":\"https:\\\/\\\/museeherge.be\\\/nl\\\/kinderparcours-6-9-jaar-quiz\\\/#primaryimage\"},\"thumbnailUrl\":\"https:\\\/\\\/museeherge.be\\\/wp-content\\\/uploads\\\/2024\\\/11\\\/QUIZ.jpg\",\"datePublished\":\"2025-06-21T08:30:38+00:00\",\"breadcrumb\":{\"@id\":\"https:\\\/\\\/museeherge.be\\\/nl\\\/kinderparcours-6-9-jaar-quiz\\\/#breadcrumb\"},\"inLanguage\":\"nl-NL\",\"potentialAction\":[{\"@type\":\"ReadAction\",\"target\":[\"https:\\\/\\\/museeherge.be\\\/nl\\\/kinderparcours-6-9-jaar-quiz\\\/\"]}]},{\"@type\":\"ImageObject\",\"inLanguage\":\"nl-NL\",\"@id\":\"https:\\\/\\\/museeherge.be\\\/nl\\\/kinderparcours-6-9-jaar-quiz\\\/#primaryimage\",\"url\":\"https:\\\/\\\/museeherge.be\\\/wp-content\\\/uploads\\\/2024\\\/11\\\/QUIZ.jpg\",\"contentUrl\":\"https:\\\/\\\/museeherge.be\\\/wp-content\\\/uploads\\\/2024\\\/11\\\/QUIZ.jpg\",\"width\":1093,\"height\":1642,\"caption\":\"Screenshot\"},{\"@type\":\"BreadcrumbList\",\"@id\":\"https:\\\/\\\/museeherge.be\\\/nl\\\/kinderparcours-6-9-jaar-quiz\\\/#breadcrumb\",\"itemListElement\":[{\"@type\":\"ListItem\",\"position\":1,\"name\":\"Onthaal\",\"item\":\"https:\\\/\\\/museeherge.be\\\/nl\\\/\"},{\"@type\":\"ListItem\",\"position\":2,\"name\":\"Kinderparcours 6-9 jaar quiz\"}]},{\"@type\":\"WebSite\",\"@id\":\"https:\\\/\\\/museeherge.be\\\/nl\\\/#website\",\"url\":\"https:\\\/\\\/museeherge.be\\\/nl\\\/\",\"name\":\"Mus\u00e9e Herg\u00e9\",\"description\":\"Le Mus\u00e9e Herg\u00e9, pr\u00e8s de Bruxelles, pr\u00e9sente le fabuleux parcours du cr\u00e9ateur des Aventures de Tintin.\",\"publisher\":{\"@id\":\"https:\\\/\\\/museeherge.be\\\/nl\\\/#organization\"},\"potentialAction\":[{\"@type\":\"SearchAction\",\"target\":{\"@type\":\"EntryPoint\",\"urlTemplate\":\"https:\\\/\\\/museeherge.be\\\/nl\\\/?s={search_term_string}\"},\"query-input\":{\"@type\":\"PropertyValueSpecification\",\"valueRequired\":true,\"valueName\":\"search_term_string\"}}],\"inLanguage\":\"nl-NL\"},{\"@type\":\"Organization\",\"@id\":\"https:\\\/\\\/museeherge.be\\\/nl\\\/#organization\",\"name\":\"La Croix de l'Aigle SA\",\"alternateName\":\"La Croix de l'Aigle\",\"url\":\"https:\\\/\\\/museeherge.be\\\/nl\\\/\",\"logo\":{\"@type\":\"ImageObject\",\"inLanguage\":\"nl-NL\",\"@id\":\"https:\\\/\\\/museeherge.be\\\/nl\\\/#\\\/schema\\\/logo\\\/image\\\/\",\"url\":\"https:\\\/\\\/museeherge.be\\\/wp-content\\\/uploads\\\/2026\\\/04\\\/logoo.jpg\",\"contentUrl\":\"https:\\\/\\\/museeherge.be\\\/wp-content\\\/uploads\\\/2026\\\/04\\\/logoo.jpg\",\"width\":696,\"height\":696,\"caption\":\"La Croix de l'Aigle SA\"},\"image\":{\"@id\":\"https:\\\/\\\/museeherge.be\\\/nl\\\/#\\\/schema\\\/logo\\\/image\\\/\"}},{\"@type\":\"Person\",\"@id\":\"https:\\\/\\\/museeherge.be\\\/nl\\\/#\\\/schema\\\/person\\\/9d1c1abda1a0d43cdec3bed80e8315cb\",\"name\":\"April Salvador\",\"image\":{\"@type\":\"ImageObject\",\"inLanguage\":\"nl-NL\",\"@id\":\"https:\\\/\\\/museeherge.be\\\/wp-content\\\/wphb-cache\\\/gravatar\\\/78f\\\/78ffa6664d67971f5f655c4ea34071a8x96.jpg\",\"url\":\"https:\\\/\\\/museeherge.be\\\/wp-content\\\/wphb-cache\\\/gravatar\\\/78f\\\/78ffa6664d67971f5f655c4ea34071a8x96.jpg\",\"contentUrl\":\"https:\\\/\\\/museeherge.be\\\/wp-content\\\/wphb-cache\\\/gravatar\\\/78f\\\/78ffa6664d67971f5f655c4ea34071a8x96.jpg\",\"caption\":\"April Salvador\"},\"url\":\"https:\\\/\\\/museeherge.be\\\/nl\\\/author\\\/april4apf\\\/\"}]}<\/script>\n<!-- \/ Yoast SEO plugin. -->","yoast_head_json":{"title":"Kinderparcours 6-9 jaar quiz - Mus\u00e9e Herg\u00e9","robots":{"index":"index","follow":"follow","max-snippet":"max-snippet:-1","max-image-preview":"max-image-preview:large","max-video-preview":"max-video-preview:-1"},"canonical":"https:\/\/museeherge.be\/nl\/kinderparcours-6-9-jaar-quiz\/","og_locale":"nl_NL","og_type":"article","og_title":"Kinderparcours 6-9 jaar quiz - Mus\u00e9e Herg\u00e9","og_description":"De natuur ontwaakt en het mooie weer keert terug. Er is geen twijfel mogelijk, het is lente.  Om zijn terugkeer te vieren, biedt het Mus\u00e9e Herg\u00e9 alle jonge bezoekers een leuke quiz over dit thema aan, die ze tijdens hun bezoek kunnen invullen.","og_url":"https:\/\/museeherge.be\/nl\/kinderparcours-6-9-jaar-quiz\/","og_site_name":"Mus\u00e9e Herg\u00e9","article_published_time":"2025-06-21T08:30:38+00:00","og_image":[{"width":1093,"height":1642,"url":"https:\/\/museeherge.be\/wp-content\/uploads\/2024\/11\/QUIZ.jpg","type":"image\/jpeg"}],"author":"April Salvador","twitter_card":"summary_large_image","twitter_misc":{"Geschreven door":"April Salvador","Geschatte leestijd":"1 minuut"},"schema":{"@context":"https:\/\/schema.org","@graph":[{"@type":"Article","@id":"https:\/\/museeherge.be\/nl\/kinderparcours-6-9-jaar-quiz\/#article","isPartOf":{"@id":"https:\/\/museeherge.be\/nl\/kinderparcours-6-9-jaar-quiz\/"},"author":{"name":"April Salvador","@id":"https:\/\/museeherge.be\/nl\/#\/schema\/person\/9d1c1abda1a0d43cdec3bed80e8315cb"},"headline":"Kinderparcours 6-9 jaar quiz","datePublished":"2025-06-21T08:30:38+00:00","mainEntityOfPage":{"@id":"https:\/\/museeherge.be\/nl\/kinderparcours-6-9-jaar-quiz\/"},"wordCount":959,"publisher":{"@id":"https:\/\/museeherge.be\/nl\/#organization"},"image":{"@id":"https:\/\/museeherge.be\/nl\/kinderparcours-6-9-jaar-quiz\/#primaryimage"},"thumbnailUrl":"https:\/\/museeherge.be\/wp-content\/uploads\/2024\/11\/QUIZ.jpg","articleSection":["Nieuws"],"inLanguage":"nl-NL"},{"@type":"WebPage","@id":"https:\/\/museeherge.be\/nl\/kinderparcours-6-9-jaar-quiz\/","url":"https:\/\/museeherge.be\/nl\/kinderparcours-6-9-jaar-quiz\/","name":"Kinderparcours 6-9 jaar quiz - Mus\u00e9e Herg\u00e9","isPartOf":{"@id":"https:\/\/museeherge.be\/nl\/#website"},"primaryImageOfPage":{"@id":"https:\/\/museeherge.be\/nl\/kinderparcours-6-9-jaar-quiz\/#primaryimage"},"image":{"@id":"https:\/\/museeherge.be\/nl\/kinderparcours-6-9-jaar-quiz\/#primaryimage"},"thumbnailUrl":"https:\/\/museeherge.be\/wp-content\/uploads\/2024\/11\/QUIZ.jpg","datePublished":"2025-06-21T08:30:38+00:00","breadcrumb":{"@id":"https:\/\/museeherge.be\/nl\/kinderparcours-6-9-jaar-quiz\/#breadcrumb"},"inLanguage":"nl-NL","potentialAction":[{"@type":"ReadAction","target":["https:\/\/museeherge.be\/nl\/kinderparcours-6-9-jaar-quiz\/"]}]},{"@type":"ImageObject","inLanguage":"nl-NL","@id":"https:\/\/museeherge.be\/nl\/kinderparcours-6-9-jaar-quiz\/#primaryimage","url":"https:\/\/museeherge.be\/wp-content\/uploads\/2024\/11\/QUIZ.jpg","contentUrl":"https:\/\/museeherge.be\/wp-content\/uploads\/2024\/11\/QUIZ.jpg","width":1093,"height":1642,"caption":"Screenshot"},{"@type":"BreadcrumbList","@id":"https:\/\/museeherge.be\/nl\/kinderparcours-6-9-jaar-quiz\/#breadcrumb","itemListElement":[{"@type":"ListItem","position":1,"name":"Onthaal","item":"https:\/\/museeherge.be\/nl\/"},{"@type":"ListItem","position":2,"name":"Kinderparcours 6-9 jaar quiz"}]},{"@type":"WebSite","@id":"https:\/\/museeherge.be\/nl\/#website","url":"https:\/\/museeherge.be\/nl\/","name":"Mus\u00e9e Herg\u00e9","description":"Le Mus\u00e9e Herg\u00e9, pr\u00e8s de Bruxelles, pr\u00e9sente le fabuleux parcours du cr\u00e9ateur des Aventures de Tintin.","publisher":{"@id":"https:\/\/museeherge.be\/nl\/#organization"},"potentialAction":[{"@type":"SearchAction","target":{"@type":"EntryPoint","urlTemplate":"https:\/\/museeherge.be\/nl\/?s={search_term_string}"},"query-input":{"@type":"PropertyValueSpecification","valueRequired":true,"valueName":"search_term_string"}}],"inLanguage":"nl-NL"},{"@type":"Organization","@id":"https:\/\/museeherge.be\/nl\/#organization","name":"La Croix de l'Aigle SA","alternateName":"La Croix de l'Aigle","url":"https:\/\/museeherge.be\/nl\/","logo":{"@type":"ImageObject","inLanguage":"nl-NL","@id":"https:\/\/museeherge.be\/nl\/#\/schema\/logo\/image\/","url":"https:\/\/museeherge.be\/wp-content\/uploads\/2026\/04\/logoo.jpg","contentUrl":"https:\/\/museeherge.be\/wp-content\/uploads\/2026\/04\/logoo.jpg","width":696,"height":696,"caption":"La Croix de l'Aigle SA"},"image":{"@id":"https:\/\/museeherge.be\/nl\/#\/schema\/logo\/image\/"}},{"@type":"Person","@id":"https:\/\/museeherge.be\/nl\/#\/schema\/person\/9d1c1abda1a0d43cdec3bed80e8315cb","name":"April Salvador","image":{"@type":"ImageObject","inLanguage":"nl-NL","@id":"https:\/\/museeherge.be\/wp-content\/wphb-cache\/gravatar\/78f\/78ffa6664d67971f5f655c4ea34071a8x96.jpg","url":"https:\/\/museeherge.be\/wp-content\/wphb-cache\/gravatar\/78f\/78ffa6664d67971f5f655c4ea34071a8x96.jpg","contentUrl":"https:\/\/museeherge.be\/wp-content\/wphb-cache\/gravatar\/78f\/78ffa6664d67971f5f655c4ea34071a8x96.jpg","caption":"April Salvador"},"url":"https:\/\/museeherge.be\/nl\/author\/april4apf\/"}]}},"_links":{"self":[{"href":"https:\/\/museeherge.be\/nl\/wp-json\/wp\/v2\/posts\/48500","targetHints":{"allow":["GET"]}}],"collection":[{"href":"https:\/\/museeherge.be\/nl\/wp-json\/wp\/v2\/posts"}],"about":[{"href":"https:\/\/museeherge.be\/nl\/wp-json\/wp\/v2\/types\/post"}],"author":[{"embeddable":true,"href":"https:\/\/museeherge.be\/nl\/wp-json\/wp\/v2\/users\/4"}],"replies":[{"embeddable":true,"href":"https:\/\/museeherge.be\/nl\/wp-json\/wp\/v2\/comments?post=48500"}],"version-history":[{"count":0,"href":"https:\/\/museeherge.be\/nl\/wp-json\/wp\/v2\/posts\/48500\/revisions"}],"wp:featuredmedia":[{"embeddable":true,"href":"https:\/\/museeherge.be\/nl\/wp-json\/wp\/v2\/media\/48558"}],"wp:attachment":[{"href":"https:\/\/museeherge.be\/nl\/wp-json\/wp\/v2\/media?parent=48500"}],"wp:term":[{"taxonomy":"category","embeddable":true,"href":"https:\/\/museeherge.be\/nl\/wp-json\/wp\/v2\/categories?post=48500"},{"taxonomy":"post_tag","embeddable":true,"href":"https:\/\/museeherge.be\/nl\/wp-json\/wp\/v2\/tags?post=48500"}],"curies":[{"name":"wp","href":"https:\/\/api.w.org\/{rel}","templated":true}]}}